{"id":1936,"date":"2020-11-30T17:30:18","date_gmt":"2020-11-30T16:30:18","guid":{"rendered":"http:\/\/feuerwehr-espenau.de\/?p=1936"},"modified":"2020-11-30T19:51:17","modified_gmt":"2020-11-30T18:51:17","slug":"der-feuerwehr-nikolaus-kommt","status":"publish","type":"post","link":"https:\/\/feuerwehr-espenau.de\/index.php\/der-feuerwehr-nikolaus-kommt\/","title":{"rendered":"Der Feuerwehr-Nikolaus kommt!"},"content":{"rendered":"<p><a href=\"http:\/\/feuerwehr-espenau.de\/wp-content\/uploads\/2020\/11\/FFE-Nikolaus-Hoch.png\"><img loading=\"lazy\" decoding=\"async\" class=\"aligncenter wp-image-1951 \" src=\"http:\/\/feuerwehr-espenau.de\/wp-content\/uploads\/2020\/11\/FFE-Nikolaus-Hoch.png\" alt=\"\" width=\"585\" height=\"827\" srcset=\"https:\/\/feuerwehr-espenau.de\/wp-content\/uploads\/2020\/11\/FFE-Nikolaus-Hoch.png 1414w, https:\/\/feuerwehr-espenau.de\/wp-content\/uploads\/2020\/11\/FFE-Nikolaus-Hoch-212x300.png 212w, https:\/\/feuerwehr-espenau.de\/wp-content\/uploads\/2020\/11\/FFE-Nikolaus-Hoch-724x1024.png 724w, https:\/\/feuerwehr-espenau.de\/wp-content\/uploads\/2020\/11\/FFE-Nikolaus-Hoch-768x1086.png 768w, https:\/\/feuerwehr-espenau.de\/wp-content\/uploads\/2020\/11\/FFE-Nikolaus-Hoch-1086x1536.png 1086w\" sizes=\"auto, (max-width: 585px) 100vw, 585px\" \/><\/a><\/p>\n<p><strong>Wichtige Informationen zusammengefasst:<\/strong><\/p>\n<ul>\n<li>Abstandsregeln m\u00fcssen eingehalten werden (mind. 1,5m!)<\/li>\n<li>Eine Mund-Nasenbedeckung muss getragen werden.<\/li>\n<li>Die Feuerwehrfahrzeuge d\u00fcrfen nicht betreten werden.<\/li>\n<li>Fotos d\u00fcrfen gemacht werden.<\/li>\n<li>Aktion gilt f\u00fcr Kinder bis 12 Jahre.<\/li>\n<li>Anmeldungen bis zum 04.12.20 an: nikolaus@feuerwehr-espenau.de<\/li>\n<\/ul>\n<p><strong>Ein Dankesch\u00f6n geht an die Unterst\u00fctzer:<\/strong><\/p>\n<ul>\n<li><a href=\"https:\/\/www.rewe.de\/marktseite\/espenau\/1465556\/rewe-markt-goethestr-19\">REWE Markt Espenau &#8211; Christian Prell OHG<\/a><\/li>\n<li><a href=\"https:\/\/www.netto-online.de\">Netto Marken-Discount Espenau<\/a><\/li>\n<li><a href=\"https:\/\/www.gutes-vom-lande.eu\">Gutes-vom-Lande Espenau<\/a><\/li>\n<li><a href=\"http:\/\/www.sve-rangers.de\">SV Espenau Rangers<\/a><\/li>\n<li>Fleischrei REH &#8211; Espenau<\/li>\n<\/ul>\n","protected":false},"excerpt":{"rendered":"Wichtige Informationen zusammengefasst: Abstandsregeln m\u00fcssen eingehalten werden (mind. 1,5m!) Eine Mund-Nasenbedeckung muss getragen werden. Die Feuerwehrfahrzeuge d\u00fcrfen nicht betreten werden. Fotos d\u00fcrfen gemacht werden. Aktion gilt f\u00fcr Kinder bis 12 Jahre. Anmeldungen bis zum 04.12.20 an: nikolaus@feuerwehr-espenau.de Ein Dankesch\u00f6n geht","protected":false},"author":2,"featured_media":0,"comment_status":"closed","ping_status":"open","sticky":false,"template":"","format":"standard","meta":{"footnotes":""},"categories":[1],"tags":[],"class_list":["post-1936","post","type-post","status-publish","format-standard","hentry","category-news"],"_links":{"self":[{"href":"https:\/\/feuerwehr-espenau.de\/index.php\/wp-json\/wp\/v2\/posts\/1936","targetHints":{"allow":["GET"]}}],"collection":[{"href":"https:\/\/feuerwehr-espenau.de\/index.php\/wp-json\/wp\/v2\/posts"}],"about":[{"href":"https:\/\/feuerwehr-espenau.de\/index.php\/wp-json\/wp\/v2\/types\/post"}],"author":[{"embeddable":true,"href":"https:\/\/feuerwehr-espenau.de\/index.php\/wp-json\/wp\/v2\/users\/2"}],"replies":[{"embeddable":true,"href":"https:\/\/feuerwehr-espenau.de\/index.php\/wp-json\/wp\/v2\/comments?post=1936"}],"version-history":[{"count":11,"href":"https:\/\/feuerwehr-espenau.de\/index.php\/wp-json\/wp\/v2\/posts\/1936\/revisions"}],"predecessor-version":[{"id":1953,"href":"https:\/\/feuerwehr-espenau.de\/index.php\/wp-json\/wp\/v2\/posts\/1936\/revisions\/1953"}],"wp:attachment":[{"href":"https:\/\/feuerwehr-espenau.de\/index.php\/wp-json\/wp\/v2\/media?parent=1936"}],"wp:term":[{"taxonomy":"category","embeddable":true,"href":"https:\/\/feuerwehr-espenau.de\/index.php\/wp-json\/wp\/v2\/categories?post=1936"},{"taxonomy":"post_tag","embeddable":true,"href":"https:\/\/feuerwehr-espenau.de\/index.php\/wp-json\/wp\/v2\/tags?post=1936"}],"curies":[{"name":"wp","href":"https:\/\/api.w.org\/{rel}","templated":true}]}}