{"id":2386,"date":"2021-10-31T14:35:19","date_gmt":"2021-10-31T13:35:19","guid":{"rendered":"https:\/\/feuerwehr-espenau.de\/?p=2386"},"modified":"2021-10-31T14:36:21","modified_gmt":"2021-10-31T13:36:21","slug":"kinderfeuerwehr-uebergabe-eines-kleinloeschfahrzeuges","status":"publish","type":"post","link":"https:\/\/feuerwehr-espenau.de\/index.php\/kinderfeuerwehr-uebergabe-eines-kleinloeschfahrzeuges\/","title":{"rendered":"Kinderfeuerwehr: \u00dcbergabe eines \u201eKleinl\u00f6schfahrzeuges\u201c"},"content":{"rendered":"<p>Aktuelle Nachrichten aus der Kinderfeuerwehr!<\/p>\n<p>Am 29. Oktober wurde bei der Kinderfeuerwehr Espenau die Tatze Stufe \u201e2\u201c abgenommen. Bei der Durchf\u00fchrung der Tatze stehen Spiel und Spa\u00df im Vordergrund. Das Abzeichen soll die Kinder zur Mitarbeit motivieren, den Betreuenden Impulse f\u00fcr die Gestaltung der Gruppenstunden geben und die Arbeit der Kinderfeuerwehr in der Freiwilligen Feuerwehr nach innen und au\u00dfen darstellen.<\/p>\n<p>Themen der Tatze sind u.a. Feuerwehrspezifische Aufgaben, Verhalten im Brandfall und noch vieles mehr.<\/p>\n<p>Mehr dazu auf der Seite der Kinderfeuerwehr: <a href=\"https:\/\/kinderfeuerwehr-espenau.de\/2021\/10\/31\/abnahme-tatze-2-uebergabe-eines-kleinloeschfahrzeuges\/\">Abnahme Tatze 2 &amp; \u00dcbergabe eines \u201eKleinl\u00f6schfahrzeuges\u201c<\/a><\/p>\n","protected":false},"excerpt":{"rendered":"Aktuelle Nachrichten aus der Kinderfeuerwehr! Am 29. Oktober wurde bei der Kinderfeuerwehr Espenau die Tatze Stufe \u201e2\u201c abgenommen. Bei der Durchf\u00fchrung der Tatze stehen Spiel und Spa\u00df im Vordergrund. Das Abzeichen soll die Kinder zur Mitarbeit motivieren, den Betreuenden Impulse","protected":false},"author":2,"featured_media":0,"comment_status":"closed","ping_status":"open","sticky":false,"template":"","format":"standard","meta":{"footnotes":""},"categories":[1],"tags":[],"class_list":["post-2386","post","type-post","status-publish","format-standard","hentry","category-news"],"_links":{"self":[{"href":"https:\/\/feuerwehr-espenau.de\/index.php\/wp-json\/wp\/v2\/posts\/2386","targetHints":{"allow":["GET"]}}],"collection":[{"href":"https:\/\/feuerwehr-espenau.de\/index.php\/wp-json\/wp\/v2\/posts"}],"about":[{"href":"https:\/\/feuerwehr-espenau.de\/index.php\/wp-json\/wp\/v2\/types\/post"}],"author":[{"embeddable":true,"href":"https:\/\/feuerwehr-espenau.de\/index.php\/wp-json\/wp\/v2\/users\/2"}],"replies":[{"embeddable":true,"href":"https:\/\/feuerwehr-espenau.de\/index.php\/wp-json\/wp\/v2\/comments?post=2386"}],"version-history":[{"count":2,"href":"https:\/\/feuerwehr-espenau.de\/index.php\/wp-json\/wp\/v2\/posts\/2386\/revisions"}],"predecessor-version":[{"id":2388,"href":"https:\/\/feuerwehr-espenau.de\/index.php\/wp-json\/wp\/v2\/posts\/2386\/revisions\/2388"}],"wp:attachment":[{"href":"https:\/\/feuerwehr-espenau.de\/index.php\/wp-json\/wp\/v2\/media?parent=2386"}],"wp:term":[{"taxonomy":"category","embeddable":true,"href":"https:\/\/feuerwehr-espenau.de\/index.php\/wp-json\/wp\/v2\/categories?post=2386"},{"taxonomy":"post_tag","embeddable":true,"href":"https:\/\/feuerwehr-espenau.de\/index.php\/wp-json\/wp\/v2\/tags?post=2386"}],"curies":[{"name":"wp","href":"https:\/\/api.w.org\/{rel}","templated":true}]}}