{"id":2698,"date":"2022-12-01T09:49:04","date_gmt":"2022-12-01T08:49:04","guid":{"rendered":"https:\/\/feuerwehr-espenau.de\/?p=2698"},"modified":"2022-12-01T09:49:04","modified_gmt":"2022-12-01T08:49:04","slug":"bundesweiter-warntag-am-08-12-2022","status":"publish","type":"post","link":"https:\/\/feuerwehr-espenau.de\/index.php\/bundesweiter-warntag-am-08-12-2022\/","title":{"rendered":"Bundesweiter Warntag am 08.12.2022"},"content":{"rendered":"<div id=\"single-news-2-content\">\n<p class=\"tiny_p\">Am\u00a0<strong>8. Dezember 2022<\/strong>\u00a0findet der n\u00e4chste bundesweite Warntag statt. An diesem Aktionstag erproben\u00a0Bund und L\u00e4nder\u00a0sowie die teilnehmenden Kreise, kreisfreien St\u00e4dte und Gemeinden in einer gemeinsamen \u00dcbung ihre\u00a0Warnmittel.<\/p>\n<p class=\"tiny_p\">Ab 11:00 Uhr aktivieren die beteiligten Beh\u00f6rden und Einsatzkr\u00e4fte unterschiedliche Warnmittel wie z. B. Radio und Fernsehen, digitale Stadtanzeigetafeln oder Warn-Apps. Die Probewarnmeldung wird erstmals auch \u00fcber Cell Broadcast verschickt und dar\u00fcber rund die H\u00e4lfte aller Handys in Deutschland direkt erreichen.<\/p>\n<p class=\"tiny_p\">Auf diese Weise werden die technischen Abl\u00e4ufe im Fall einer Warnung und auch die Warnmittel selber auf ihre Funktion und auf m\u00f6gliche Schwachstellen hin \u00fcberpr\u00fcft.<\/p>\n<p class=\"tiny_p\">In Espenau werden hierbei insbesondere die k\u00fcrzlich auf digitale Alarmierung umger\u00fcsteten Sirenen getestet. Dabei soll eine Minute lang ein auf- und abschwellender Heulton ausgel\u00f6st werden. Dieser hat im Ernstfall die Bedeutung die allgemeine Bev\u00f6lkerung vor Gefahren und kritischen Ereignissen zu warnen. Das k\u00f6nnten beispielsweise Naturgefahren oder Versorgungsausf\u00e4lle sein.<\/p>\n<p class=\"tiny_p\">Im Nachgang werden von den Verantwortlichen gegebenenfalls Verbesserungen vorgenommen und so das System der Bev\u00f6lkerungswarnung sicherer gemacht.<\/p>\n<p class=\"tiny_p\">Der bundesweite Warntag dient weiterhin dem Ziel, die Menschen in Deutschland \u00fcber die Warnung der Bev\u00f6lkerung zu informieren und sie damit f\u00fcr Warnungen zu sensibilisieren.<\/p>\n<p class=\"tiny_p\">Weitere Informationen zum Warntag und zur allgemeinen Warnung der Bev\u00f6lkerung finden Sie im Internet unter: <a href=\"http:\/\/www.warnung-der-bevoelkerung.de\" target=\"_blank\" rel=\"noopener\">warnung-der-bevoelkerung.de<\/a><\/p>\n<p class=\"tiny_p\">\n<p class=\"tiny_p\"><img loading=\"lazy\" decoding=\"async\" class=\"aligncenter\" title=\"Warntag 2022 (C) Bundesamt f\u00fcr Bev\u00f6lkerungsschutz und Katastrophenhilfe\" src=\"https:\/\/fotos.verwaltungsportal.de\/news\/573ab38d80518127ff0b902dba126279787070\/gross\/bundesweiter-warntag-2022_keyvisual-orange-1-1200x600.png\" alt=\"Warntag 2022\" width=\"1000\" height=\"500\" \/><\/p>\n<\/div>\n","protected":false},"excerpt":{"rendered":"Am\u00a08. Dezember 2022\u00a0findet der n\u00e4chste bundesweite Warntag statt. An diesem Aktionstag erproben\u00a0Bund und L\u00e4nder\u00a0sowie die teilnehmenden Kreise, kreisfreien St\u00e4dte und Gemeinden in einer gemeinsamen \u00dcbung ihre\u00a0Warnmittel. Ab 11:00 Uhr aktivieren die beteiligten Beh\u00f6rden und Einsatzkr\u00e4fte unterschiedliche Warnmittel wie z. B.","protected":false},"author":2,"featured_media":0,"comment_status":"closed","ping_status":"open","sticky":false,"template":"","format":"standard","meta":{"footnotes":""},"categories":[1],"tags":[],"class_list":["post-2698","post","type-post","status-publish","format-standard","hentry","category-news"],"_links":{"self":[{"href":"https:\/\/feuerwehr-espenau.de\/index.php\/wp-json\/wp\/v2\/posts\/2698","targetHints":{"allow":["GET"]}}],"collection":[{"href":"https:\/\/feuerwehr-espenau.de\/index.php\/wp-json\/wp\/v2\/posts"}],"about":[{"href":"https:\/\/feuerwehr-espenau.de\/index.php\/wp-json\/wp\/v2\/types\/post"}],"author":[{"embeddable":true,"href":"https:\/\/feuerwehr-espenau.de\/index.php\/wp-json\/wp\/v2\/users\/2"}],"replies":[{"embeddable":true,"href":"https:\/\/feuerwehr-espenau.de\/index.php\/wp-json\/wp\/v2\/comments?post=2698"}],"version-history":[{"count":1,"href":"https:\/\/feuerwehr-espenau.de\/index.php\/wp-json\/wp\/v2\/posts\/2698\/revisions"}],"predecessor-version":[{"id":2699,"href":"https:\/\/feuerwehr-espenau.de\/index.php\/wp-json\/wp\/v2\/posts\/2698\/revisions\/2699"}],"wp:attachment":[{"href":"https:\/\/feuerwehr-espenau.de\/index.php\/wp-json\/wp\/v2\/media?parent=2698"}],"wp:term":[{"taxonomy":"category","embeddable":true,"href":"https:\/\/feuerwehr-espenau.de\/index.php\/wp-json\/wp\/v2\/categories?post=2698"},{"taxonomy":"post_tag","embeddable":true,"href":"https:\/\/feuerwehr-espenau.de\/index.php\/wp-json\/wp\/v2\/tags?post=2698"}],"curies":[{"name":"wp","href":"https:\/\/api.w.org\/{rel}","templated":true}]}}