{"id":2890,"date":"2023-08-28T08:00:34","date_gmt":"2023-08-28T06:00:34","guid":{"rendered":"https:\/\/feuerwehr-espenau.de\/?p=2890"},"modified":"2023-08-17T08:19:17","modified_gmt":"2023-08-17T06:19:17","slug":"bundesweiter-warntag-am-14-09-2023","status":"publish","type":"post","link":"https:\/\/feuerwehr-espenau.de\/index.php\/bundesweiter-warntag-am-14-09-2023\/","title":{"rendered":"Bundesweiter Warntag am 14.09.2023"},"content":{"rendered":"<p class=\"tiny_p\">Am <strong>14. September 2023<\/strong> findet der n\u00e4chste bundesweite Warntag statt. An diesem Aktionstag erproben Bund und L\u00e4nder sowie die teilnehmenden Kreise, kreisfreien St\u00e4dte und Gemeinden in einer gemeinsamen \u00dcbung ihre Warnmittel.<\/p>\n<p class=\"tiny_p\"><strong>Ab 11:00 Uhr<\/strong> aktivieren die beteiligten Beh\u00f6rden und Einsatzkr\u00e4fte unterschiedliche Warnmittel wie z. B. Radio und Fernsehen, digitale Stadtanzeigetafeln oder Warn-Apps. Die Probewarnmeldung wird auch \u00fcber Cell Broadcast verschickt und dar\u00fcber rund die H\u00e4lfte aller Handys in Deutschland direkt erreichen.<\/p>\n<p class=\"tiny_p\">Auf diese Weise werden die technischen Abl\u00e4ufe im Fall einer Warnung und auch die Warnmittel selber auf ihre Funktion und auf m\u00f6gliche Schwachstellen hin \u00fcberpr\u00fcft.<\/p>\n<p class=\"tiny_p\">In Espenau werden auch die Sirenen getestet. Dabei soll eine Minute lang ein auf- und abschwellender Heulton ausgel\u00f6st werden. Dieser hat im Ernstfall die Bedeutung die allgemeine Bev\u00f6lkerung vor Gefahren und kritischen Ereignissen zu warnen. Das k\u00f6nnten beispielsweise Naturgefahren oder Versorgungsausf\u00e4lle sein.<\/p>\n<p class=\"tiny_p\">Im Nachgang werden von den Verantwortlichen gegebenenfalls Verbesserungen vorgenommen und so das System der Bev\u00f6lkerungswarnung sicherer gemacht.<\/p>\n<p class=\"tiny_p\">Der bundesweite Warntag dient weiterhin dem Ziel, die Menschen in Deutschland \u00fcber die Warnung der Bev\u00f6lkerung zu informieren und sie damit f\u00fcr Warnungen zu sensibilisieren.<\/p>\n<p class=\"tiny_p\">Weitere Informationen zum Warntag und zur allgemeinen Warnung der Bev\u00f6lkerung finden Sie im Internet unter: <a href=\"http:\/\/www.warnung-der-bevoelkerung.de\" target=\"_blank\" rel=\"noopener\">warnung-der-bevoelkerung.de<\/a><\/p>\n<p><img loading=\"lazy\" decoding=\"async\" class=\"aligncenter wp-image-2891\" src=\"http:\/\/feuerwehr-espenau.de\/wp-content\/uploads\/2023\/08\/Warntag-2023.png\" alt=\"\" width=\"900\" height=\"450\" srcset=\"https:\/\/feuerwehr-espenau.de\/wp-content\/uploads\/2023\/08\/Warntag-2023.png 1200w, https:\/\/feuerwehr-espenau.de\/wp-content\/uploads\/2023\/08\/Warntag-2023-300x150.png 300w, https:\/\/feuerwehr-espenau.de\/wp-content\/uploads\/2023\/08\/Warntag-2023-1024x512.png 1024w, https:\/\/feuerwehr-espenau.de\/wp-content\/uploads\/2023\/08\/Warntag-2023-768x384.png 768w\" sizes=\"auto, (max-width: 900px) 100vw, 900px\" \/><\/p>\n","protected":false},"excerpt":{"rendered":"Am 14. September 2023 findet der n\u00e4chste bundesweite Warntag statt. An diesem Aktionstag erproben Bund und L\u00e4nder sowie die teilnehmenden Kreise, kreisfreien St\u00e4dte und Gemeinden in einer gemeinsamen \u00dcbung ihre Warnmittel. Ab 11:00 Uhr aktivieren die beteiligten Beh\u00f6rden und Einsatzkr\u00e4fte","protected":false},"author":2,"featured_media":0,"comment_status":"closed","ping_status":"open","sticky":false,"template":"","format":"standard","meta":{"footnotes":""},"categories":[1],"tags":[],"class_list":["post-2890","post","type-post","status-publish","format-standard","hentry","category-news"],"_links":{"self":[{"href":"https:\/\/feuerwehr-espenau.de\/index.php\/wp-json\/wp\/v2\/posts\/2890","targetHints":{"allow":["GET"]}}],"collection":[{"href":"https:\/\/feuerwehr-espenau.de\/index.php\/wp-json\/wp\/v2\/posts"}],"about":[{"href":"https:\/\/feuerwehr-espenau.de\/index.php\/wp-json\/wp\/v2\/types\/post"}],"author":[{"embeddable":true,"href":"https:\/\/feuerwehr-espenau.de\/index.php\/wp-json\/wp\/v2\/users\/2"}],"replies":[{"embeddable":true,"href":"https:\/\/feuerwehr-espenau.de\/index.php\/wp-json\/wp\/v2\/comments?post=2890"}],"version-history":[{"count":4,"href":"https:\/\/feuerwehr-espenau.de\/index.php\/wp-json\/wp\/v2\/posts\/2890\/revisions"}],"predecessor-version":[{"id":2895,"href":"https:\/\/feuerwehr-espenau.de\/index.php\/wp-json\/wp\/v2\/posts\/2890\/revisions\/2895"}],"wp:attachment":[{"href":"https:\/\/feuerwehr-espenau.de\/index.php\/wp-json\/wp\/v2\/media?parent=2890"}],"wp:term":[{"taxonomy":"category","embeddable":true,"href":"https:\/\/feuerwehr-espenau.de\/index.php\/wp-json\/wp\/v2\/categories?post=2890"},{"taxonomy":"post_tag","embeddable":true,"href":"https:\/\/feuerwehr-espenau.de\/index.php\/wp-json\/wp\/v2\/tags?post=2890"}],"curies":[{"name":"wp","href":"https:\/\/api.w.org\/{rel}","templated":true}]}}