{"id":3163,"date":"2024-09-03T12:15:20","date_gmt":"2024-09-03T10:15:20","guid":{"rendered":"https:\/\/feuerwehr-espenau.de\/?p=3163"},"modified":"2024-09-03T20:30:17","modified_gmt":"2024-09-03T18:30:17","slug":"warntag-am-12-09-2024","status":"publish","type":"post","link":"https:\/\/feuerwehr-espenau.de\/index.php\/warntag-am-12-09-2024\/","title":{"rendered":"Warntag am 12.09.2024"},"content":{"rendered":"<p class=\"tiny_p\">Am <strong>12. September 2024<\/strong> findet der n\u00e4chste bundesweite Warntag statt. An diesem Aktionstag erproben Bund und L\u00e4nder sowie die teilnehmenden Kreise, kreisfreien St\u00e4dte und Gemeinden in einer gemeinsamen \u00dcbung ihre Warnmittel. <strong>Um 11:00 Uhr<\/strong> ist die Ausl\u00f6sung der verschiedenen Warnmittel vorgesehen.<\/p>\n<p class=\"tiny_p\">Begonnen wird mit dem Warnton der Sirenen <strong>\u201eWarnung der Bev\u00f6lkerung\u201c. <\/strong>Das Ende des Warntages 2024 wird ab <strong>ca. 11:45 Uhr<\/strong> mit dem Sirenen-Signal \u00a0<strong>\u201eEntwarnung\u201c<\/strong> kund getan.<\/p>\n<p><strong>Ab 11:00 Uhr<\/strong> aktivieren die beteiligten Beh\u00f6rden und Einsatzkr\u00e4fte unterschiedliche Warnmittel wie z. B. Radio und Fernsehen, digitale Stadtanzeigetafeln oder Warn-Apps. Die Probewarnmeldung wird auch \u00fcber Cell Broadcast verschickt und dar\u00fcber rund die H\u00e4lfte aller Handys in Deutschland direkt erreichen. Hierbei ist zu erw\u00e4hnen, dass die Cell Broadcast Meldung alle Handys empfangen. Dazu muss keine separate App oder \u00c4hnliches auf Ihren Handys installiert sein.<\/p>\n<p class=\"tiny_p\">Auf diese Weise werden die technischen Abl\u00e4ufe im Falle einer Warnung f\u00fcr die Bev\u00f6lkerung sowie die Warnmittel selber auf ihre Funktion und m\u00f6gliche Schwachstellen \u00fcberpr\u00fcft.<\/p>\n<p class=\"tiny_p\">Im Nachgang werden von den Verantwortlichen gegebenenfalls Verbesserungen vorgenommen und so das System der Bev\u00f6lkerungswarnung sicherer gemacht.<\/p>\n<p class=\"tiny_p\">Der bundesweite Warntag dient weiterhin dem Ziel, die Menschen in Deutschland \u00fcber die Warnung der Bev\u00f6lkerung zu informieren und sie damit f\u00fcr Warnungen zu sensibilisieren.<\/p>\n<p class=\"tiny_p\">Weitere Informationen zum Warntag und zur allgemeinen Warnung der Bev\u00f6lkerung finden Sie im Internet unter: <a href=\"http:\/\/www.warnung-der-bevoelkerung.de\" target=\"_blank\" rel=\"noopener\">warnung-der-bevoelkerung.de<\/a><\/p>\n<p><img loading=\"lazy\" decoding=\"async\" class=\"aligncenter wp-image-2891\" src=\"http:\/\/feuerwehr-espenau.de\/wp-content\/uploads\/2023\/08\/Warntag-2023.png\" sizes=\"auto, (max-width: 900px) 100vw, 900px\" srcset=\"https:\/\/feuerwehr-espenau.de\/wp-content\/uploads\/2023\/08\/Warntag-2023.png 1200w, https:\/\/feuerwehr-espenau.de\/wp-content\/uploads\/2023\/08\/Warntag-2023-300x150.png 300w, https:\/\/feuerwehr-espenau.de\/wp-content\/uploads\/2023\/08\/Warntag-2023-1024x512.png 1024w, https:\/\/feuerwehr-espenau.de\/wp-content\/uploads\/2023\/08\/Warntag-2023-768x384.png 768w\" alt=\"\" width=\"900\" height=\"450\" \/><\/p>\n","protected":false},"excerpt":{"rendered":"Am 12. September 2024 findet der n\u00e4chste bundesweite Warntag statt. An diesem Aktionstag erproben Bund und L\u00e4nder sowie die teilnehmenden Kreise, kreisfreien St\u00e4dte und Gemeinden in einer gemeinsamen \u00dcbung ihre Warnmittel. Um 11:00 Uhr ist die Ausl\u00f6sung der verschiedenen Warnmittel","protected":false},"author":2,"featured_media":0,"comment_status":"closed","ping_status":"open","sticky":false,"template":"","format":"standard","meta":{"footnotes":""},"categories":[1],"tags":[],"class_list":["post-3163","post","type-post","status-publish","format-standard","hentry","category-news"],"_links":{"self":[{"href":"https:\/\/feuerwehr-espenau.de\/index.php\/wp-json\/wp\/v2\/posts\/3163","targetHints":{"allow":["GET"]}}],"collection":[{"href":"https:\/\/feuerwehr-espenau.de\/index.php\/wp-json\/wp\/v2\/posts"}],"about":[{"href":"https:\/\/feuerwehr-espenau.de\/index.php\/wp-json\/wp\/v2\/types\/post"}],"author":[{"embeddable":true,"href":"https:\/\/feuerwehr-espenau.de\/index.php\/wp-json\/wp\/v2\/users\/2"}],"replies":[{"embeddable":true,"href":"https:\/\/feuerwehr-espenau.de\/index.php\/wp-json\/wp\/v2\/comments?post=3163"}],"version-history":[{"count":5,"href":"https:\/\/feuerwehr-espenau.de\/index.php\/wp-json\/wp\/v2\/posts\/3163\/revisions"}],"predecessor-version":[{"id":3169,"href":"https:\/\/feuerwehr-espenau.de\/index.php\/wp-json\/wp\/v2\/posts\/3163\/revisions\/3169"}],"wp:attachment":[{"href":"https:\/\/feuerwehr-espenau.de\/index.php\/wp-json\/wp\/v2\/media?parent=3163"}],"wp:term":[{"taxonomy":"category","embeddable":true,"href":"https:\/\/feuerwehr-espenau.de\/index.php\/wp-json\/wp\/v2\/categories?post=3163"},{"taxonomy":"post_tag","embeddable":true,"href":"https:\/\/feuerwehr-espenau.de\/index.php\/wp-json\/wp\/v2\/tags?post=3163"}],"curies":[{"name":"wp","href":"https:\/\/api.w.org\/{rel}","templated":true}]}}