{"id":3248,"date":"2025-01-30T08:46:00","date_gmt":"2025-01-30T07:46:00","guid":{"rendered":"https:\/\/feuerwehr-espenau.de\/?p=3248"},"modified":"2025-01-30T08:48:26","modified_gmt":"2025-01-30T07:48:26","slug":"spenden-fuer-die-ukraine","status":"publish","type":"post","link":"https:\/\/feuerwehr-espenau.de\/index.php\/spenden-fuer-die-ukraine\/","title":{"rendered":"Spenden f\u00fcr die Ukraine"},"content":{"rendered":"<p>Da der Angriffskrieg auf die Ukraine unvermittelt weitergeht, unterst\u00fctzen bereits zum 2ten Mal Feuerwehren sowie deren Tr\u00e4ger aus dem Landkreis Kassel mit Sachspenden die Kameradinnen und Kameraden in der Ukraine. Bereits im Fr\u00fchjahr 2024 wurde \u00fcber die Branddirektion Frankfurt am Main rund 10 Paletten Stellpl\u00e4tze an feuerwehrtechnischem Ger\u00e4te in die Ukraine gespendet.<\/p>\n<p>Seit Kriegsbeginn nur eine von zahlreichen Hilfsaktionen der Feuerwehren sowie deren Tr\u00e4ger aus Nah und Fern. Dieses Jahr \u00fcbernimmt G\u00fcnter R\u00fcddenklau aus Westuffeln und Ottmar Rudert aus Ostheim, welche bereits mehrfach Hilfstransporte in die Ukraine organisiert haben, den Transport mit Ihren Partnern vor. Erste Sachspenden der Stadt Immenhausen sowie der Gemeinde Calden und Espenau wurden bereits zwischengelagert.<\/p>\n<p>Hierbei handelt es sich um feuerwehrtechnisches Ger\u00e4te und Material, welches in Deutschland nicht mehr eingesetzt werden darf oder kann, jedoch grunds\u00e4tzlich noch gebrauchtstauglich ist, von Leitern, \u00fcber Atemschutztechnik bis in zu Feuerschutzbekleidung, Atemschutzmasken und Desinfektionsmittel. Von weiteren Feuerwehren sowie deren Tr\u00e4gern sind Sachspenden avisiert, um den die Feuerwehren der Ukraine in ihrem t\u00e4glichen Einsatz zu unterst\u00fctzen.<\/p>\n<p style=\"text-align: center;\"><img loading=\"lazy\" decoding=\"async\" class=\"aligncenter wp-image-3249\" src=\"http:\/\/feuerwehr-espenau.de\/wp-content\/uploads\/2025\/01\/IMG_9134-scaled.jpg\" alt=\"\" width=\"810\" height=\"607\" srcset=\"https:\/\/feuerwehr-espenau.de\/wp-content\/uploads\/2025\/01\/IMG_9134-scaled.jpg 2560w, https:\/\/feuerwehr-espenau.de\/wp-content\/uploads\/2025\/01\/IMG_9134-300x225.jpg 300w, https:\/\/feuerwehr-espenau.de\/wp-content\/uploads\/2025\/01\/IMG_9134-1024x768.jpg 1024w, https:\/\/feuerwehr-espenau.de\/wp-content\/uploads\/2025\/01\/IMG_9134-768x576.jpg 768w, https:\/\/feuerwehr-espenau.de\/wp-content\/uploads\/2025\/01\/IMG_9134-1536x1152.jpg 1536w, https:\/\/feuerwehr-espenau.de\/wp-content\/uploads\/2025\/01\/IMG_9134-2048x1536.jpg 2048w\" sizes=\"auto, (max-width: 810px) 100vw, 810px\" \/><em>(J. Kre\u00df, Feuerwehr Espenau und G. R\u00fcddenklau)<\/em><\/p>\n","protected":false},"excerpt":{"rendered":"Da der Angriffskrieg auf die Ukraine unvermittelt weitergeht, unterst\u00fctzen bereits zum 2ten Mal Feuerwehren sowie deren Tr\u00e4ger aus dem Landkreis Kassel mit Sachspenden die Kameradinnen und Kameraden in der Ukraine. Bereits im Fr\u00fchjahr 2024 wurde \u00fcber die Branddirektion Frankfurt am","protected":false},"author":2,"featured_media":0,"comment_status":"closed","ping_status":"open","sticky":false,"template":"","format":"standard","meta":{"footnotes":""},"categories":[1],"tags":[],"class_list":["post-3248","post","type-post","status-publish","format-standard","hentry","category-news"],"_links":{"self":[{"href":"https:\/\/feuerwehr-espenau.de\/index.php\/wp-json\/wp\/v2\/posts\/3248","targetHints":{"allow":["GET"]}}],"collection":[{"href":"https:\/\/feuerwehr-espenau.de\/index.php\/wp-json\/wp\/v2\/posts"}],"about":[{"href":"https:\/\/feuerwehr-espenau.de\/index.php\/wp-json\/wp\/v2\/types\/post"}],"author":[{"embeddable":true,"href":"https:\/\/feuerwehr-espenau.de\/index.php\/wp-json\/wp\/v2\/users\/2"}],"replies":[{"embeddable":true,"href":"https:\/\/feuerwehr-espenau.de\/index.php\/wp-json\/wp\/v2\/comments?post=3248"}],"version-history":[{"count":5,"href":"https:\/\/feuerwehr-espenau.de\/index.php\/wp-json\/wp\/v2\/posts\/3248\/revisions"}],"predecessor-version":[{"id":3254,"href":"https:\/\/feuerwehr-espenau.de\/index.php\/wp-json\/wp\/v2\/posts\/3248\/revisions\/3254"}],"wp:attachment":[{"href":"https:\/\/feuerwehr-espenau.de\/index.php\/wp-json\/wp\/v2\/media?parent=3248"}],"wp:term":[{"taxonomy":"category","embeddable":true,"href":"https:\/\/feuerwehr-espenau.de\/index.php\/wp-json\/wp\/v2\/categories?post=3248"},{"taxonomy":"post_tag","embeddable":true,"href":"https:\/\/feuerwehr-espenau.de\/index.php\/wp-json\/wp\/v2\/tags?post=3248"}],"curies":[{"name":"wp","href":"https:\/\/api.w.org\/{rel}","templated":true}]}}