{"id":3414,"date":"2025-09-03T08:18:33","date_gmt":"2025-09-03T06:18:33","guid":{"rendered":"https:\/\/feuerwehr-espenau.de\/?p=3414"},"modified":"2025-09-03T08:18:44","modified_gmt":"2025-09-03T06:18:44","slug":"bundesweiter-warntag-am-11-09-2025","status":"publish","type":"post","link":"https:\/\/feuerwehr-espenau.de\/index.php\/bundesweiter-warntag-am-11-09-2025\/","title":{"rendered":"Bundesweiter Warntag am 11.09.2025"},"content":{"rendered":"<p>Der Bundesweite Warntag findet in diesem Jahr am <strong>11. September<\/strong> statt. Dabei werden viele Warnkan\u00e4le erprobt, mit denen die Menschen in Deutschland vor Gefahren gewarnt werden. Zu den Warnkan\u00e4len z\u00e4hlen unter anderem Radio und Fernsehen, Warn- Apps wie NINA, Stadtinformationstafeln, Sirenen, Lautsprecherwagen, Infosysteme der Deutschen Bahn und der Mobilfunkdienst Cell Broadcast.<\/p>\n<p><strong>Wie l\u00e4uft der Bundesweite Warntag ab?<\/strong><br \/>\nGegen 11:00 Uhr l\u00f6st das BBK die Probewarnung \u00fcber das sogenannte Modulare Warnsystem aus. Mit diesem System sind sehr viele Warnkan\u00e4le verkn\u00fcpft, u. a. die Warn-App NINA. Gleichzeitig l\u00f6sen die teilnehmenden L\u00e4nder und Kommunen ihre lokalen Warnmittel wie zum Beispiel Sirenen aus. Gegen 11:45 Uhr erfolgt f\u00fcr die meisten Warnmittel die Entwarnung der Probewarnung.<\/p>\n<p><strong>Warnsystem steht f\u00fcr reale Lagen zur Verf\u00fcgung<\/strong><br \/>\nDas Warnsystem ist auch w\u00e4hrend der bundesweiten Probewarnung am 11. September jederzeit einsatzbereit. Bei Bedarf k\u00f6nnen die zust\u00e4ndigen Beh\u00f6rden wie gewohnt die Menschen \u00fcber das Modulare Warnsystem und seine Kan\u00e4le erreichen und vor realen Gefahren warnen.<\/p>\n<p><img loading=\"lazy\" decoding=\"async\" class=\"aligncenter wp-image-3415 size-large\" src=\"http:\/\/feuerwehr-espenau.de\/wp-content\/uploads\/2025\/09\/CB_Probewarnung_2_16_9-1024x576.png\" alt=\"\" width=\"750\" height=\"422\" srcset=\"https:\/\/feuerwehr-espenau.de\/wp-content\/uploads\/2025\/09\/CB_Probewarnung_2_16_9-1024x576.png 1024w, https:\/\/feuerwehr-espenau.de\/wp-content\/uploads\/2025\/09\/CB_Probewarnung_2_16_9-300x169.png 300w, https:\/\/feuerwehr-espenau.de\/wp-content\/uploads\/2025\/09\/CB_Probewarnung_2_16_9-768x432.png 768w, https:\/\/feuerwehr-espenau.de\/wp-content\/uploads\/2025\/09\/CB_Probewarnung_2_16_9-1536x864.png 1536w, https:\/\/feuerwehr-espenau.de\/wp-content\/uploads\/2025\/09\/CB_Probewarnung_2_16_9.png 1920w\" sizes=\"auto, (max-width: 750px) 100vw, 750px\" \/><\/p>\n<p style=\"text-align: center;\"><em>Bild: Bundesamt f\u00fcr Bev\u00f6lkerungsschutz und Katastrophenhilfe<\/em><\/p>\n<p style=\"text-align: center;\"><em>N\u00e4here Informationen zum Bundesweiten Warntag 2025 finden Sie auch auf <a href=\"http:\/\/www.bbk.bund.de\/bundesweiter-warntag\">www.bbk.bund.de\/bundesweiter-warntag<\/a><\/em><\/p>\n","protected":false},"excerpt":{"rendered":"Der Bundesweite Warntag findet in diesem Jahr am 11. September statt. Dabei werden viele Warnkan\u00e4le erprobt, mit denen die Menschen in Deutschland vor Gefahren gewarnt werden. Zu den Warnkan\u00e4len z\u00e4hlen unter anderem Radio und Fernsehen, Warn- Apps wie NINA, Stadtinformationstafeln,","protected":false},"author":2,"featured_media":0,"comment_status":"closed","ping_status":"open","sticky":false,"template":"","format":"standard","meta":{"footnotes":""},"categories":[1],"tags":[],"class_list":["post-3414","post","type-post","status-publish","format-standard","hentry","category-news"],"_links":{"self":[{"href":"https:\/\/feuerwehr-espenau.de\/index.php\/wp-json\/wp\/v2\/posts\/3414","targetHints":{"allow":["GET"]}}],"collection":[{"href":"https:\/\/feuerwehr-espenau.de\/index.php\/wp-json\/wp\/v2\/posts"}],"about":[{"href":"https:\/\/feuerwehr-espenau.de\/index.php\/wp-json\/wp\/v2\/types\/post"}],"author":[{"embeddable":true,"href":"https:\/\/feuerwehr-espenau.de\/index.php\/wp-json\/wp\/v2\/users\/2"}],"replies":[{"embeddable":true,"href":"https:\/\/feuerwehr-espenau.de\/index.php\/wp-json\/wp\/v2\/comments?post=3414"}],"version-history":[{"count":2,"href":"https:\/\/feuerwehr-espenau.de\/index.php\/wp-json\/wp\/v2\/posts\/3414\/revisions"}],"predecessor-version":[{"id":3417,"href":"https:\/\/feuerwehr-espenau.de\/index.php\/wp-json\/wp\/v2\/posts\/3414\/revisions\/3417"}],"wp:attachment":[{"href":"https:\/\/feuerwehr-espenau.de\/index.php\/wp-json\/wp\/v2\/media?parent=3414"}],"wp:term":[{"taxonomy":"category","embeddable":true,"href":"https:\/\/feuerwehr-espenau.de\/index.php\/wp-json\/wp\/v2\/categories?post=3414"},{"taxonomy":"post_tag","embeddable":true,"href":"https:\/\/feuerwehr-espenau.de\/index.php\/wp-json\/wp\/v2\/tags?post=3414"}],"curies":[{"name":"wp","href":"https:\/\/api.w.org\/{rel}","templated":true}]}}